{"id":5398,"date":"2019-07-25T14:48:01","date_gmt":"2019-07-25T12:48:01","guid":{"rendered":"http:\/\/rau.kundendemo.com\/2019\/07\/25\/rau-r3-oekologisch-aufstockbare-laermschutzwand-in-eltville\/"},"modified":"2021-09-09T14:02:53","modified_gmt":"2021-09-09T12:02:53","slug":"rau-r3-muro-de-proteccion-acustica-extensible-ecologicamente-en-eltville","status":"publish","type":"post","link":"https:\/\/rau.de\/es\/2019\/07\/25\/rau-r3-muro-de-proteccion-acustica-extensible-ecologicamente-en-eltville\/","title":{"rendered":"RAU R3 &#8211; Muro de protecci\u00f3n ac\u00fastica extensible ecol\u00f3gicamente &#8211; en Eltville"},"content":{"rendered":"<section class=\"l-section wpb_row height_medium full_height valign_center with_img\" id=\"kontakt\"><div class=\"l-section-img\" role=\"img\" data-img-width=\"2000\" data-img-height=\"1122\" style=\"background-image: url(https:\/\/rau.de\/wp-content\/uploads\/bg.jpg);\"><\/div><div class=\"l-section-h i-cf\"><div class=\"g-cols vc_row via_flex valign_top type_default stacking_default\"><div class=\"vc_col-sm-12 wpb_column vc_column_container\"><div class=\"vc_column-inner\"><div class=\"wpb_wrapper\"><div class=\"g-cols wpb_row content_top via_flex valign_top type_default stacking_default\"><div class=\"vc_col-sm-12 wpb_column vc_column_container\"><div class=\"vc_column-inner\"><div class=\"wpb_wrapper\"><h1 class=\"w-post-elm post_title entry-title color_link_inherit\">RAU R3 &#8211; Muro de protecci\u00f3n ac\u00fastica extensible ecol\u00f3gicamente &#8211; en Eltville<\/h1><\/div><\/div><\/div><\/div><div class=\"g-cols wpb_row us_custom_4fb9e5a3 content_text via_flex valign_top type_default stacking_default\"><div class=\"vc_col-sm-8 wpb_column vc_column_container\"><div class=\"vc_column-inner\"><div class=\"wpb_wrapper\"><div class=\"w-slider style_none fit_scaledown\"><div class=\"w-slider-h\"><div class=\"royalSlider\"><div class=\"rsContent\"><a class=\"rsImg\" data-rsw=\"800\" data-rsh=\"533\" href=\"https:\/\/rau.de\/wp-content\/uploads\/oekologische-aufstockbare-laermschutzwand-eltville-1.jpg\"><span data-alt=\"\"><\/span><\/a><\/div><div class=\"rsContent\"><a class=\"rsImg\" data-rsw=\"800\" data-rsh=\"533\" href=\"https:\/\/rau.de\/wp-content\/uploads\/oekologische-aufstockbare-laermschutzwand-eltville.jpg\"><span data-alt=\"\"><\/span><\/a><\/div><\/div><img decoding=\"async\" src=\"https:\/\/rau.de\/wp-content\/uploads\/oekologische-aufstockbare-laermschutzwand-eltville-1.jpg\" width=\"800\" height=\"533\" alt loading=\"lazy\"><\/div><div class=\"w-slider-json\" onclick='return {&quot;autoScaleSlider&quot;:true,&quot;loop&quot;:true,&quot;fadeInLoadedSlide&quot;:false,&quot;slidesSpacing&quot;:0,&quot;imageScalePadding&quot;:0,&quot;numImagesToPreload&quot;:2,&quot;arrowsNav&quot;:true,&quot;arrowsNavAutoHide&quot;:false,&quot;transitionType&quot;:&quot;move&quot;,&quot;transitionSpeed&quot;:250,&quot;block&quot;:{&quot;moveEffect&quot;:&quot;none&quot;,&quot;speed&quot;:300},&quot;thumbs&quot;:{&quot;fitInViewport&quot;:false},&quot;controlNavigation&quot;:&quot;none&quot;,&quot;imageScaleMode&quot;:&quot;fit-if-smaller&quot;,&quot;autoScaleSliderWidth&quot;:800,&quot;autoScaleSliderHeight&quot;:533}'><\/div><\/div><\/div><\/div><\/div><div class=\"vc_col-sm-4 wpb_column vc_column_container\"><div class=\"vc_column-inner\"><div class=\"wpb_wrapper\"><\/div><\/div><\/div><\/div><\/div><\/div><\/div><\/div><\/div><\/section>\n","protected":false},"excerpt":{"rendered":"RAU R3 &#8211; Muro de protecci\u00f3n ac\u00fastica extensible ecol\u00f3gicamente &#8211; en Eltville","protected":false},"author":1,"featured_media":11780,"comment_status":"closed","ping_status":"closed","sticky":false,"template":"","format":"standard","meta":{"footnotes":""},"categories":[66],"tags":[],"class_list":["post-5398","post","type-post","status-publish","format-standard","has-post-thumbnail","hentry","category-news-es"],"yoast_head":"<!-- This site is optimized with the Yoast SEO plugin v27.5 - https:\/\/yoast.com\/product\/yoast-seo-wordpress\/ -->\n<title>Pantallas ac\u00fasticas verdes RAU R3 \ud83c\udf33<\/title>\n<meta name=\"description\" content=\"Muro de protecci\u00f3n ac\u00fastica extensible ecol\u00f3gicamente \u2013 en Eltville \ud83c\udf31 100% ecol\u00f3gicas, reducen la presencia de materia particulada \ud83c\udfc6\" \/>\n<meta name=\"robots\" content=\"index, follow, max-snippet:-1, max-image-preview:large, max-video-preview:-1\" \/>\n<link rel=\"canonical\" href=\"https:\/\/rau.de\/es\/2019\/07\/25\/rau-r3-muro-de-proteccion-acustica-extensible-ecologicamente-en-eltville\/\" \/>\n<meta property=\"og:locale\" content=\"es_ES\" \/>\n<meta property=\"og:type\" content=\"article\" \/>\n<meta property=\"og:title\" content=\"Pantallas ac\u00fasticas verdes RAU R3 \ud83c\udf33\" \/>\n<meta property=\"og:description\" content=\"Muro de protecci\u00f3n ac\u00fastica extensible ecol\u00f3gicamente \u2013 en Eltville \ud83c\udf31 100% ecol\u00f3gicas, reducen la presencia de materia particulada \ud83c\udfc6\" \/>\n<meta property=\"og:url\" content=\"https:\/\/rau.de\/es\/2019\/07\/25\/rau-r3-muro-de-proteccion-acustica-extensible-ecologicamente-en-eltville\/\" \/>\n<meta property=\"og:site_name\" content=\"Rau | L\u00e4rmschutzw\u00e4nde\" \/>\n<meta property=\"article:published_time\" content=\"2019-07-25T12:48:01+00:00\" \/>\n<meta property=\"article:modified_time\" content=\"2021-09-09T12:02:53+00:00\" \/>\n<meta property=\"og:image\" content=\"https:\/\/rau.de\/wp-content\/uploads\/oekologische-aufstockbare-laermschutzwand-eltville-5.jpg\" \/>\n\t<meta property=\"og:image:width\" content=\"800\" \/>\n\t<meta property=\"og:image:height\" content=\"533\" \/>\n\t<meta property=\"og:image:type\" content=\"image\/jpeg\" \/>\n<meta name=\"author\" content=\"service\" \/>\n<meta name=\"twitter:card\" content=\"summary_large_image\" \/>\n<meta name=\"twitter:label1\" content=\"Escrito por\" \/>\n\t<meta name=\"twitter:data1\" content=\"service\" \/>\n\t<meta name=\"twitter:label2\" content=\"Tiempo de lectura\" \/>\n\t<meta name=\"twitter:data2\" content=\"1 minuto\" \/>\n<script type=\"application\/ld+json\" class=\"yoast-schema-graph\">{\"@context\":\"https:\\\/\\\/schema.org\",\"@graph\":[{\"@type\":\"Article\",\"@id\":\"https:\\\/\\\/rau.de\\\/es\\\/2019\\\/07\\\/25\\\/rau-r3-muro-de-proteccion-acustica-extensible-ecologicamente-en-eltville\\\/#article\",\"isPartOf\":{\"@id\":\"https:\\\/\\\/rau.de\\\/es\\\/2019\\\/07\\\/25\\\/rau-r3-muro-de-proteccion-acustica-extensible-ecologicamente-en-eltville\\\/\"},\"author\":{\"name\":\"service\",\"@id\":\"https:\\\/\\\/rau.de\\\/es\\\/#\\\/schema\\\/person\\\/0a3dd4189784e5118e85b5ae096ecd0a\"},\"headline\":\"RAU R3 &#8211; Muro de protecci\u00f3n ac\u00fastica extensible ecol\u00f3gicamente &#8211; en Eltville\",\"datePublished\":\"2019-07-25T12:48:01+00:00\",\"dateModified\":\"2021-09-09T12:02:53+00:00\",\"mainEntityOfPage\":{\"@id\":\"https:\\\/\\\/rau.de\\\/es\\\/2019\\\/07\\\/25\\\/rau-r3-muro-de-proteccion-acustica-extensible-ecologicamente-en-eltville\\\/\"},\"wordCount\":97,\"publisher\":{\"@id\":\"https:\\\/\\\/rau.de\\\/es\\\/#organization\"},\"image\":{\"@id\":\"https:\\\/\\\/rau.de\\\/es\\\/2019\\\/07\\\/25\\\/rau-r3-muro-de-proteccion-acustica-extensible-ecologicamente-en-eltville\\\/#primaryimage\"},\"thumbnailUrl\":\"https:\\\/\\\/rau.de\\\/wp-content\\\/uploads\\\/oekologische-aufstockbare-laermschutzwand-eltville-5.jpg\",\"articleSection\":[\"News\"],\"inLanguage\":\"es\"},{\"@type\":\"WebPage\",\"@id\":\"https:\\\/\\\/rau.de\\\/es\\\/2019\\\/07\\\/25\\\/rau-r3-muro-de-proteccion-acustica-extensible-ecologicamente-en-eltville\\\/\",\"url\":\"https:\\\/\\\/rau.de\\\/es\\\/2019\\\/07\\\/25\\\/rau-r3-muro-de-proteccion-acustica-extensible-ecologicamente-en-eltville\\\/\",\"name\":\"Pantallas ac\u00fasticas verdes RAU R3 \ud83c\udf33\",\"isPartOf\":{\"@id\":\"https:\\\/\\\/rau.de\\\/es\\\/#website\"},\"primaryImageOfPage\":{\"@id\":\"https:\\\/\\\/rau.de\\\/es\\\/2019\\\/07\\\/25\\\/rau-r3-muro-de-proteccion-acustica-extensible-ecologicamente-en-eltville\\\/#primaryimage\"},\"image\":{\"@id\":\"https:\\\/\\\/rau.de\\\/es\\\/2019\\\/07\\\/25\\\/rau-r3-muro-de-proteccion-acustica-extensible-ecologicamente-en-eltville\\\/#primaryimage\"},\"thumbnailUrl\":\"https:\\\/\\\/rau.de\\\/wp-content\\\/uploads\\\/oekologische-aufstockbare-laermschutzwand-eltville-5.jpg\",\"datePublished\":\"2019-07-25T12:48:01+00:00\",\"dateModified\":\"2021-09-09T12:02:53+00:00\",\"description\":\"Muro de protecci\u00f3n ac\u00fastica extensible ecol\u00f3gicamente \u2013 en Eltville \ud83c\udf31 100% ecol\u00f3gicas, reducen la presencia de materia particulada \ud83c\udfc6\",\"breadcrumb\":{\"@id\":\"https:\\\/\\\/rau.de\\\/es\\\/2019\\\/07\\\/25\\\/rau-r3-muro-de-proteccion-acustica-extensible-ecologicamente-en-eltville\\\/#breadcrumb\"},\"inLanguage\":\"es\",\"potentialAction\":[{\"@type\":\"ReadAction\",\"target\":[\"https:\\\/\\\/rau.de\\\/es\\\/2019\\\/07\\\/25\\\/rau-r3-muro-de-proteccion-acustica-extensible-ecologicamente-en-eltville\\\/\"]}]},{\"@type\":\"ImageObject\",\"inLanguage\":\"es\",\"@id\":\"https:\\\/\\\/rau.de\\\/es\\\/2019\\\/07\\\/25\\\/rau-r3-muro-de-proteccion-acustica-extensible-ecologicamente-en-eltville\\\/#primaryimage\",\"url\":\"https:\\\/\\\/rau.de\\\/wp-content\\\/uploads\\\/oekologische-aufstockbare-laermschutzwand-eltville-5.jpg\",\"contentUrl\":\"https:\\\/\\\/rau.de\\\/wp-content\\\/uploads\\\/oekologische-aufstockbare-laermschutzwand-eltville-5.jpg\",\"width\":800,\"height\":533},{\"@type\":\"BreadcrumbList\",\"@id\":\"https:\\\/\\\/rau.de\\\/es\\\/2019\\\/07\\\/25\\\/rau-r3-muro-de-proteccion-acustica-extensible-ecologicamente-en-eltville\\\/#breadcrumb\",\"itemListElement\":[{\"@type\":\"ListItem\",\"position\":1,\"name\":\"Startseite\",\"item\":\"https:\\\/\\\/rau.de\\\/es\\\/\"},{\"@type\":\"ListItem\",\"position\":2,\"name\":\"RAU R3 &#8211; Muro de protecci\u00f3n ac\u00fastica extensible ecol\u00f3gicamente &#8211; en Eltville\"}]},{\"@type\":\"WebSite\",\"@id\":\"https:\\\/\\\/rau.de\\\/es\\\/#website\",\"url\":\"https:\\\/\\\/rau.de\\\/es\\\/\",\"name\":\"Rau | L\u00e4rmschutzw\u00e4nde\",\"description\":\"Entwicklung und Umsetzung von L\u00e4rmschutzwand und Schallschutzwand\",\"publisher\":{\"@id\":\"https:\\\/\\\/rau.de\\\/es\\\/#organization\"},\"potentialAction\":[{\"@type\":\"SearchAction\",\"target\":{\"@type\":\"EntryPoint\",\"urlTemplate\":\"https:\\\/\\\/rau.de\\\/es\\\/?s={search_term_string}\"},\"query-input\":{\"@type\":\"PropertyValueSpecification\",\"valueRequired\":true,\"valueName\":\"search_term_string\"}}],\"inLanguage\":\"es\"},{\"@type\":\"Organization\",\"@id\":\"https:\\\/\\\/rau.de\\\/es\\\/#organization\",\"name\":\"RAU L\u00e4rmschutzw\u00e4nde \u2013 Geosystem GBK GmbH\",\"url\":\"https:\\\/\\\/rau.de\\\/es\\\/\",\"logo\":{\"@type\":\"ImageObject\",\"inLanguage\":\"es\",\"@id\":\"https:\\\/\\\/rau.de\\\/es\\\/#\\\/schema\\\/logo\\\/image\\\/\",\"url\":\"https:\\\/\\\/rau.de\\\/wp-content\\\/uploads\\\/web_logo.png\",\"contentUrl\":\"https:\\\/\\\/rau.de\\\/wp-content\\\/uploads\\\/web_logo.png\",\"width\":249,\"height\":127,\"caption\":\"RAU L\u00e4rmschutzw\u00e4nde \u2013 Geosystem GBK GmbH\"},\"image\":{\"@id\":\"https:\\\/\\\/rau.de\\\/es\\\/#\\\/schema\\\/logo\\\/image\\\/\"}},{\"@type\":\"Person\",\"@id\":\"https:\\\/\\\/rau.de\\\/es\\\/#\\\/schema\\\/person\\\/0a3dd4189784e5118e85b5ae096ecd0a\",\"name\":\"service\",\"image\":{\"@type\":\"ImageObject\",\"inLanguage\":\"es\",\"@id\":\"https:\\\/\\\/secure.gravatar.com\\\/avatar\\\/3b3f31dc5cbd09a463de5fc54daf3e025a7465c861e281119b67fc451e5bf8e1?s=96&d=mm&r=g\",\"url\":\"https:\\\/\\\/secure.gravatar.com\\\/avatar\\\/3b3f31dc5cbd09a463de5fc54daf3e025a7465c861e281119b67fc451e5bf8e1?s=96&d=mm&r=g\",\"contentUrl\":\"https:\\\/\\\/secure.gravatar.com\\\/avatar\\\/3b3f31dc5cbd09a463de5fc54daf3e025a7465c861e281119b67fc451e5bf8e1?s=96&d=mm&r=g\",\"caption\":\"service\"}}]}<\/script>\n<!-- \/ Yoast SEO plugin. -->","yoast_head_json":{"title":"Pantallas ac\u00fasticas verdes RAU R3 \ud83c\udf33","description":"Muro de protecci\u00f3n ac\u00fastica extensible ecol\u00f3gicamente \u2013 en Eltville \ud83c\udf31 100% ecol\u00f3gicas, reducen la presencia de materia particulada \ud83c\udfc6","robots":{"index":"index","follow":"follow","max-snippet":"max-snippet:-1","max-image-preview":"max-image-preview:large","max-video-preview":"max-video-preview:-1"},"canonical":"https:\/\/rau.de\/es\/2019\/07\/25\/rau-r3-muro-de-proteccion-acustica-extensible-ecologicamente-en-eltville\/","og_locale":"es_ES","og_type":"article","og_title":"Pantallas ac\u00fasticas verdes RAU R3 \ud83c\udf33","og_description":"Muro de protecci\u00f3n ac\u00fastica extensible ecol\u00f3gicamente \u2013 en Eltville \ud83c\udf31 100% ecol\u00f3gicas, reducen la presencia de materia particulada \ud83c\udfc6","og_url":"https:\/\/rau.de\/es\/2019\/07\/25\/rau-r3-muro-de-proteccion-acustica-extensible-ecologicamente-en-eltville\/","og_site_name":"Rau | L\u00e4rmschutzw\u00e4nde","article_published_time":"2019-07-25T12:48:01+00:00","article_modified_time":"2021-09-09T12:02:53+00:00","og_image":[{"width":800,"height":533,"url":"https:\/\/rau.de\/wp-content\/uploads\/oekologische-aufstockbare-laermschutzwand-eltville-5.jpg","type":"image\/jpeg"}],"author":"service","twitter_card":"summary_large_image","twitter_misc":{"Escrito por":"service","Tiempo de lectura":"1 minuto"},"schema":{"@context":"https:\/\/schema.org","@graph":[{"@type":"Article","@id":"https:\/\/rau.de\/es\/2019\/07\/25\/rau-r3-muro-de-proteccion-acustica-extensible-ecologicamente-en-eltville\/#article","isPartOf":{"@id":"https:\/\/rau.de\/es\/2019\/07\/25\/rau-r3-muro-de-proteccion-acustica-extensible-ecologicamente-en-eltville\/"},"author":{"name":"service","@id":"https:\/\/rau.de\/es\/#\/schema\/person\/0a3dd4189784e5118e85b5ae096ecd0a"},"headline":"RAU R3 &#8211; Muro de protecci\u00f3n ac\u00fastica extensible ecol\u00f3gicamente &#8211; en Eltville","datePublished":"2019-07-25T12:48:01+00:00","dateModified":"2021-09-09T12:02:53+00:00","mainEntityOfPage":{"@id":"https:\/\/rau.de\/es\/2019\/07\/25\/rau-r3-muro-de-proteccion-acustica-extensible-ecologicamente-en-eltville\/"},"wordCount":97,"publisher":{"@id":"https:\/\/rau.de\/es\/#organization"},"image":{"@id":"https:\/\/rau.de\/es\/2019\/07\/25\/rau-r3-muro-de-proteccion-acustica-extensible-ecologicamente-en-eltville\/#primaryimage"},"thumbnailUrl":"https:\/\/rau.de\/wp-content\/uploads\/oekologische-aufstockbare-laermschutzwand-eltville-5.jpg","articleSection":["News"],"inLanguage":"es"},{"@type":"WebPage","@id":"https:\/\/rau.de\/es\/2019\/07\/25\/rau-r3-muro-de-proteccion-acustica-extensible-ecologicamente-en-eltville\/","url":"https:\/\/rau.de\/es\/2019\/07\/25\/rau-r3-muro-de-proteccion-acustica-extensible-ecologicamente-en-eltville\/","name":"Pantallas ac\u00fasticas verdes RAU R3 \ud83c\udf33","isPartOf":{"@id":"https:\/\/rau.de\/es\/#website"},"primaryImageOfPage":{"@id":"https:\/\/rau.de\/es\/2019\/07\/25\/rau-r3-muro-de-proteccion-acustica-extensible-ecologicamente-en-eltville\/#primaryimage"},"image":{"@id":"https:\/\/rau.de\/es\/2019\/07\/25\/rau-r3-muro-de-proteccion-acustica-extensible-ecologicamente-en-eltville\/#primaryimage"},"thumbnailUrl":"https:\/\/rau.de\/wp-content\/uploads\/oekologische-aufstockbare-laermschutzwand-eltville-5.jpg","datePublished":"2019-07-25T12:48:01+00:00","dateModified":"2021-09-09T12:02:53+00:00","description":"Muro de protecci\u00f3n ac\u00fastica extensible ecol\u00f3gicamente \u2013 en Eltville \ud83c\udf31 100% ecol\u00f3gicas, reducen la presencia de materia particulada \ud83c\udfc6","breadcrumb":{"@id":"https:\/\/rau.de\/es\/2019\/07\/25\/rau-r3-muro-de-proteccion-acustica-extensible-ecologicamente-en-eltville\/#breadcrumb"},"inLanguage":"es","potentialAction":[{"@type":"ReadAction","target":["https:\/\/rau.de\/es\/2019\/07\/25\/rau-r3-muro-de-proteccion-acustica-extensible-ecologicamente-en-eltville\/"]}]},{"@type":"ImageObject","inLanguage":"es","@id":"https:\/\/rau.de\/es\/2019\/07\/25\/rau-r3-muro-de-proteccion-acustica-extensible-ecologicamente-en-eltville\/#primaryimage","url":"https:\/\/rau.de\/wp-content\/uploads\/oekologische-aufstockbare-laermschutzwand-eltville-5.jpg","contentUrl":"https:\/\/rau.de\/wp-content\/uploads\/oekologische-aufstockbare-laermschutzwand-eltville-5.jpg","width":800,"height":533},{"@type":"BreadcrumbList","@id":"https:\/\/rau.de\/es\/2019\/07\/25\/rau-r3-muro-de-proteccion-acustica-extensible-ecologicamente-en-eltville\/#breadcrumb","itemListElement":[{"@type":"ListItem","position":1,"name":"Startseite","item":"https:\/\/rau.de\/es\/"},{"@type":"ListItem","position":2,"name":"RAU R3 &#8211; Muro de protecci\u00f3n ac\u00fastica extensible ecol\u00f3gicamente &#8211; en Eltville"}]},{"@type":"WebSite","@id":"https:\/\/rau.de\/es\/#website","url":"https:\/\/rau.de\/es\/","name":"Rau | L\u00e4rmschutzw\u00e4nde","description":"Entwicklung und Umsetzung von L\u00e4rmschutzwand und Schallschutzwand","publisher":{"@id":"https:\/\/rau.de\/es\/#organization"},"potentialAction":[{"@type":"SearchAction","target":{"@type":"EntryPoint","urlTemplate":"https:\/\/rau.de\/es\/?s={search_term_string}"},"query-input":{"@type":"PropertyValueSpecification","valueRequired":true,"valueName":"search_term_string"}}],"inLanguage":"es"},{"@type":"Organization","@id":"https:\/\/rau.de\/es\/#organization","name":"RAU L\u00e4rmschutzw\u00e4nde \u2013 Geosystem GBK GmbH","url":"https:\/\/rau.de\/es\/","logo":{"@type":"ImageObject","inLanguage":"es","@id":"https:\/\/rau.de\/es\/#\/schema\/logo\/image\/","url":"https:\/\/rau.de\/wp-content\/uploads\/web_logo.png","contentUrl":"https:\/\/rau.de\/wp-content\/uploads\/web_logo.png","width":249,"height":127,"caption":"RAU L\u00e4rmschutzw\u00e4nde \u2013 Geosystem GBK GmbH"},"image":{"@id":"https:\/\/rau.de\/es\/#\/schema\/logo\/image\/"}},{"@type":"Person","@id":"https:\/\/rau.de\/es\/#\/schema\/person\/0a3dd4189784e5118e85b5ae096ecd0a","name":"service","image":{"@type":"ImageObject","inLanguage":"es","@id":"https:\/\/secure.gravatar.com\/avatar\/3b3f31dc5cbd09a463de5fc54daf3e025a7465c861e281119b67fc451e5bf8e1?s=96&d=mm&r=g","url":"https:\/\/secure.gravatar.com\/avatar\/3b3f31dc5cbd09a463de5fc54daf3e025a7465c861e281119b67fc451e5bf8e1?s=96&d=mm&r=g","contentUrl":"https:\/\/secure.gravatar.com\/avatar\/3b3f31dc5cbd09a463de5fc54daf3e025a7465c861e281119b67fc451e5bf8e1?s=96&d=mm&r=g","caption":"service"}}]}},"_links":{"self":[{"href":"https:\/\/rau.de\/es\/wp-json\/wp\/v2\/posts\/5398","targetHints":{"allow":["GET"]}}],"collection":[{"href":"https:\/\/rau.de\/es\/wp-json\/wp\/v2\/posts"}],"about":[{"href":"https:\/\/rau.de\/es\/wp-json\/wp\/v2\/types\/post"}],"author":[{"embeddable":true,"href":"https:\/\/rau.de\/es\/wp-json\/wp\/v2\/users\/1"}],"replies":[{"embeddable":true,"href":"https:\/\/rau.de\/es\/wp-json\/wp\/v2\/comments?post=5398"}],"version-history":[{"count":4,"href":"https:\/\/rau.de\/es\/wp-json\/wp\/v2\/posts\/5398\/revisions"}],"predecessor-version":[{"id":21767,"href":"https:\/\/rau.de\/es\/wp-json\/wp\/v2\/posts\/5398\/revisions\/21767"}],"wp:featuredmedia":[{"embeddable":true,"href":"https:\/\/rau.de\/es\/wp-json\/wp\/v2\/media\/11780"}],"wp:attachment":[{"href":"https:\/\/rau.de\/es\/wp-json\/wp\/v2\/media?parent=5398"}],"wp:term":[{"taxonomy":"category","embeddable":true,"href":"https:\/\/rau.de\/es\/wp-json\/wp\/v2\/categories?post=5398"},{"taxonomy":"post_tag","embeddable":true,"href":"https:\/\/rau.de\/es\/wp-json\/wp\/v2\/tags?post=5398"}],"curies":[{"name":"wp","href":"https:\/\/api.w.org\/{rel}","templated":true}]}}