{"id":27189,"date":"2024-05-16T17:04:10","date_gmt":"2024-05-16T15:04:10","guid":{"rendered":"https:\/\/rau.de\/?p=27189"},"modified":"2024-05-16T17:04:10","modified_gmt":"2024-05-16T15:04:10","slug":"gruener-laermschutz-fuer-das-dorf-drueber","status":"publish","type":"post","link":"https:\/\/rau.de\/de\/2024\/05\/16\/gruener-laermschutz-fuer-das-dorf-drueber\/","title":{"rendered":"Gr\u00fcner L\u00e4rmschutz f\u00fcr das Dorf Dr\u00fcber"},"content":{"rendered":"<section class=\"l-section wpb_row height_medium with_img\"><div class=\"l-section-img\" role=\"img\" data-img-width=\"2000\" data-img-height=\"1122\" style=\"background-image: url(https:\/\/rau.de\/wp-content\/uploads\/bg.jpg);background-repeat: no-repeat;\"><\/div><div class=\"l-section-h i-cf\"><div class=\"g-cols vc_row via_flex valign_top type_default stacking_default\"><div class=\"vc_col-sm-12 wpb_column vc_column_container\"><div class=\"vc_column-inner\"><div class=\"wpb_wrapper\"><div class=\"g-cols wpb_row content_top via_flex valign_top type_default stacking_default\"><div class=\"vc_col-sm-12 wpb_column vc_column_container\"><div class=\"vc_column-inner\"><div class=\"wpb_wrapper\"><h1 class=\"w-post-elm post_title entry-title color_link_inherit\">Gr\u00fcner L\u00e4rmschutz f\u00fcr das Dorf Dr\u00fcber<\/h1><\/div><\/div><\/div><\/div><div class=\"g-cols wpb_row us_custom_4fb9e5a3 content_text via_flex valign_top type_default stacking_default\"><div class=\"vc_col-sm-6 wpb_column vc_column_container\"><div class=\"vc_column-inner\"><div class=\"wpb_wrapper\"><div class=\"wpb_text_column\"><div class=\"wpb_wrapper\"><p>In dem s\u00fcdnieders\u00e4chsischen Dorf Dr\u00fcber errichtet RAU ab Fr\u00fchjahr 2024 eine L\u00e4rmschutzwand am Rande eines neu erschlossenen Baugebiets des Landkreises Northeim. Die vorgesehenen Fl\u00e4chen sollen k\u00fcnftig haupts\u00e4chlich f\u00fcr den Wohnbau genutzt werden, auch eine Tagespflegeeinrichtung ist geplant. Die Wand, die nach dem Bau beidseitig begr\u00fcnt wird, soll in erster Linie die unteren Geschosse und Au\u00dfenbereiche der sp\u00e4teren Anwohner vor Verkehrsl\u00e4rm-Emissionen sch\u00fctzen.<\/p>\n<p>Im Bebauungsplan \u201eIm Klappenfeld\u201c in Dr\u00fcber waren die Vorgaben f\u00fcr die L\u00e4rmschutzwand auf der Basis eines schalltechnischen Gutachtens festgesetzt worden. Unter anderem wurde definiert, dass die Wand 20 Meter parallel zum Fahrbahnrand der L572 verlaufen und eine H\u00f6he von vier Metern \u00fcber Gel\u00e4nde aufweisen muss.<\/p>\n<p>Als Bepflanzung sind Kletterhortensien, Wilder Wein und Efeu vorgesehen. Diese sorgen nach dem Einwachsen daf\u00fcr, dass die technische Konstruktion der Schallschutzwand allm\u00e4hlich in den Hintergrund tritt und der Betrachter nur noch eine begr\u00fcnte vertikale Fl\u00e4che sieht. So f\u00fcgt sich die Wand optimal in das Landschafts- und Ortsbild ein und wird nicht mehr als st\u00f6rend wahrgenommen.<\/p>\n<\/div><\/div><\/div><\/div><\/div><div class=\"vc_col-sm-6 wpb_column vc_column_container\"><div class=\"vc_column-inner\"><div class=\"wpb_wrapper\"><div class=\"w-image align_none\"><div class=\"w-image-h\"><img loading=\"lazy\" decoding=\"async\" width=\"827\" height=\"551\" src=\"https:\/\/rau.de\/wp-content\/uploads\/laermschutzwand-drueber-2024-05.jpg\" class=\"attachment-large size-large\" alt=\"Begr\u00fcnbare L\u00e4rmschutzwand von RAU in Dr\u00fcber\" srcset=\"https:\/\/rau.de\/wp-content\/uploads\/laermschutzwand-drueber-2024-05.jpg 827w, https:\/\/rau.de\/wp-content\/uploads\/laermschutzwand-drueber-2024-05-300x200.jpg 300w\" sizes=\"auto, (max-width: 827px) 100vw, 827px\" \/><\/div><\/div><\/div><\/div><\/div><\/div><\/div><\/div><\/div><\/div><\/div><\/section>\n","protected":false},"excerpt":{"rendered":"Gr\u00fcner L\u00e4rmschutz f\u00fcr das Dorf Dr\u00fcberIn dem s\u00fcdnieders\u00e4chsischen Dorf Dr\u00fcber errichtet RAU ab Fr\u00fchjahr 2024 eine L\u00e4rmschutzwand am Rande eines neu erschlossenen Baugebiets des Landkreises Northeim. Die vorgesehenen Fl\u00e4chen sollen k\u00fcnftig haupts\u00e4chlich f\u00fcr den Wohnbau genutzt werden, auch eine Tagespflegeeinrichtung ist geplant. Die Wand, die nach dem Bau beidseitig begr\u00fcnt wird, soll in erster Linie...","protected":false},"author":2,"featured_media":27190,"comment_status":"closed","ping_status":"closed","sticky":false,"template":"","format":"standard","meta":{"footnotes":""},"categories":[7],"tags":[],"class_list":["post-27189","post","type-post","status-publish","format-standard","has-post-thumbnail","hentry","category-news"],"yoast_head":"<!-- This site is optimized with the Yoast SEO plugin v27.4 - https:\/\/yoast.com\/product\/yoast-seo-wordpress\/ -->\n<title>Gr\u00fcner L\u00e4rmschutz f\u00fcr das Dorf Dr\u00fcber | L\u00e4rmschutzwand und Schallschutzwand<\/title>\n<meta name=\"description\" content=\"Gr\u00fcner L\u00e4rmschutz f\u00fcr das Dorf Dr\u00fcber | Entwicklung und Umsetzung von L\u00e4rmschutzwand und Schallschutzwandan Stra\u00dfen, Bahnstrecken und f\u00fcr St\u00e4dte und Industrie | rau.de\" \/>\n<meta name=\"robots\" content=\"index, follow, max-snippet:-1, max-image-preview:large, max-video-preview:-1\" \/>\n<link rel=\"canonical\" href=\"https:\/\/rau.de\/de\/2024\/05\/16\/gruener-laermschutz-fuer-das-dorf-drueber\/\" \/>\n<meta property=\"og:locale\" content=\"de_DE\" \/>\n<meta property=\"og:type\" content=\"article\" \/>\n<meta property=\"og:title\" content=\"Gr\u00fcner L\u00e4rmschutz f\u00fcr das Dorf Dr\u00fcber | L\u00e4rmschutzwand und Schallschutzwand\" \/>\n<meta property=\"og:description\" content=\"Gr\u00fcner L\u00e4rmschutz f\u00fcr das Dorf Dr\u00fcber | Entwicklung und Umsetzung von L\u00e4rmschutzwand und Schallschutzwandan Stra\u00dfen, Bahnstrecken und f\u00fcr St\u00e4dte und Industrie | rau.de\" \/>\n<meta property=\"og:url\" content=\"https:\/\/rau.de\/de\/2024\/05\/16\/gruener-laermschutz-fuer-das-dorf-drueber\/\" \/>\n<meta property=\"og:site_name\" content=\"Rau | L\u00e4rmschutzw\u00e4nde\" \/>\n<meta property=\"article:published_time\" content=\"2024-05-16T15:04:10+00:00\" \/>\n<meta property=\"og:image\" content=\"https:\/\/rau.de\/wp-content\/uploads\/laermschutzwand-drueber-2024-05.jpg\" \/>\n\t<meta property=\"og:image:width\" content=\"827\" \/>\n\t<meta property=\"og:image:height\" content=\"551\" \/>\n\t<meta property=\"og:image:type\" content=\"image\/jpeg\" \/>\n<meta name=\"author\" content=\"Johanna Henning\" \/>\n<meta name=\"twitter:card\" content=\"summary_large_image\" \/>\n<meta name=\"twitter:label1\" content=\"Verfasst von\" \/>\n\t<meta name=\"twitter:data1\" content=\"Johanna Henning\" \/>\n\t<meta name=\"twitter:label2\" content=\"Gesch\u00e4tzte Lesezeit\" \/>\n\t<meta name=\"twitter:data2\" content=\"1\u00a0Minute\" \/>\n<script type=\"application\/ld+json\" class=\"yoast-schema-graph\">{\"@context\":\"https:\\\/\\\/schema.org\",\"@graph\":[{\"@type\":\"Article\",\"@id\":\"https:\\\/\\\/rau.de\\\/de\\\/2024\\\/05\\\/16\\\/gruener-laermschutz-fuer-das-dorf-drueber\\\/#article\",\"isPartOf\":{\"@id\":\"https:\\\/\\\/rau.de\\\/de\\\/2024\\\/05\\\/16\\\/gruener-laermschutz-fuer-das-dorf-drueber\\\/\"},\"author\":{\"name\":\"Johanna Henning\",\"@id\":\"https:\\\/\\\/rau.de\\\/de\\\/#\\\/schema\\\/person\\\/6b68f1ee75f6830ffe2d780347f6f86f\"},\"headline\":\"Gr\u00fcner L\u00e4rmschutz f\u00fcr das Dorf Dr\u00fcber\",\"datePublished\":\"2024-05-16T15:04:10+00:00\",\"mainEntityOfPage\":{\"@id\":\"https:\\\/\\\/rau.de\\\/de\\\/2024\\\/05\\\/16\\\/gruener-laermschutz-fuer-das-dorf-drueber\\\/\"},\"wordCount\":283,\"publisher\":{\"@id\":\"https:\\\/\\\/rau.de\\\/de\\\/#organization\"},\"image\":{\"@id\":\"https:\\\/\\\/rau.de\\\/de\\\/2024\\\/05\\\/16\\\/gruener-laermschutz-fuer-das-dorf-drueber\\\/#primaryimage\"},\"thumbnailUrl\":\"https:\\\/\\\/rau.de\\\/wp-content\\\/uploads\\\/laermschutzwand-drueber-2024-05.jpg\",\"articleSection\":[\"News\"],\"inLanguage\":\"de\"},{\"@type\":\"WebPage\",\"@id\":\"https:\\\/\\\/rau.de\\\/de\\\/2024\\\/05\\\/16\\\/gruener-laermschutz-fuer-das-dorf-drueber\\\/\",\"url\":\"https:\\\/\\\/rau.de\\\/de\\\/2024\\\/05\\\/16\\\/gruener-laermschutz-fuer-das-dorf-drueber\\\/\",\"name\":\"Gr\u00fcner L\u00e4rmschutz f\u00fcr das Dorf Dr\u00fcber | L\u00e4rmschutzwand und Schallschutzwand\",\"isPartOf\":{\"@id\":\"https:\\\/\\\/rau.de\\\/de\\\/#website\"},\"primaryImageOfPage\":{\"@id\":\"https:\\\/\\\/rau.de\\\/de\\\/2024\\\/05\\\/16\\\/gruener-laermschutz-fuer-das-dorf-drueber\\\/#primaryimage\"},\"image\":{\"@id\":\"https:\\\/\\\/rau.de\\\/de\\\/2024\\\/05\\\/16\\\/gruener-laermschutz-fuer-das-dorf-drueber\\\/#primaryimage\"},\"thumbnailUrl\":\"https:\\\/\\\/rau.de\\\/wp-content\\\/uploads\\\/laermschutzwand-drueber-2024-05.jpg\",\"datePublished\":\"2024-05-16T15:04:10+00:00\",\"description\":\"Gr\u00fcner L\u00e4rmschutz f\u00fcr das Dorf Dr\u00fcber | Entwicklung und Umsetzung von L\u00e4rmschutzwand und Schallschutzwandan Stra\u00dfen, Bahnstrecken und f\u00fcr St\u00e4dte und Industrie | rau.de\",\"breadcrumb\":{\"@id\":\"https:\\\/\\\/rau.de\\\/de\\\/2024\\\/05\\\/16\\\/gruener-laermschutz-fuer-das-dorf-drueber\\\/#breadcrumb\"},\"inLanguage\":\"de\",\"potentialAction\":[{\"@type\":\"ReadAction\",\"target\":[\"https:\\\/\\\/rau.de\\\/de\\\/2024\\\/05\\\/16\\\/gruener-laermschutz-fuer-das-dorf-drueber\\\/\"]}]},{\"@type\":\"ImageObject\",\"inLanguage\":\"de\",\"@id\":\"https:\\\/\\\/rau.de\\\/de\\\/2024\\\/05\\\/16\\\/gruener-laermschutz-fuer-das-dorf-drueber\\\/#primaryimage\",\"url\":\"https:\\\/\\\/rau.de\\\/wp-content\\\/uploads\\\/laermschutzwand-drueber-2024-05.jpg\",\"contentUrl\":\"https:\\\/\\\/rau.de\\\/wp-content\\\/uploads\\\/laermschutzwand-drueber-2024-05.jpg\",\"width\":827,\"height\":551,\"caption\":\"Begr\u00fcnbare L\u00e4rmschutzwand von RAU in Dr\u00fcber\"},{\"@type\":\"BreadcrumbList\",\"@id\":\"https:\\\/\\\/rau.de\\\/de\\\/2024\\\/05\\\/16\\\/gruener-laermschutz-fuer-das-dorf-drueber\\\/#breadcrumb\",\"itemListElement\":[{\"@type\":\"ListItem\",\"position\":1,\"name\":\"Startseite\",\"item\":\"https:\\\/\\\/rau.de\\\/de\\\/\"},{\"@type\":\"ListItem\",\"position\":2,\"name\":\"Gr\u00fcner L\u00e4rmschutz f\u00fcr das Dorf Dr\u00fcber\"}]},{\"@type\":\"WebSite\",\"@id\":\"https:\\\/\\\/rau.de\\\/de\\\/#website\",\"url\":\"https:\\\/\\\/rau.de\\\/de\\\/\",\"name\":\"Rau | L\u00e4rmschutzw\u00e4nde\",\"description\":\"Entwicklung und Umsetzung von L\u00e4rmschutzwand und Schallschutzwand\",\"publisher\":{\"@id\":\"https:\\\/\\\/rau.de\\\/de\\\/#organization\"},\"potentialAction\":[{\"@type\":\"SearchAction\",\"target\":{\"@type\":\"EntryPoint\",\"urlTemplate\":\"https:\\\/\\\/rau.de\\\/de\\\/?s={search_term_string}\"},\"query-input\":{\"@type\":\"PropertyValueSpecification\",\"valueRequired\":true,\"valueName\":\"search_term_string\"}}],\"inLanguage\":\"de\"},{\"@type\":\"Organization\",\"@id\":\"https:\\\/\\\/rau.de\\\/de\\\/#organization\",\"name\":\"RAU L\u00e4rmschutzw\u00e4nde \u2013 Geosystem GBK GmbH\",\"url\":\"https:\\\/\\\/rau.de\\\/de\\\/\",\"logo\":{\"@type\":\"ImageObject\",\"inLanguage\":\"de\",\"@id\":\"https:\\\/\\\/rau.de\\\/de\\\/#\\\/schema\\\/logo\\\/image\\\/\",\"url\":\"https:\\\/\\\/rau.de\\\/wp-content\\\/uploads\\\/web_logo.png\",\"contentUrl\":\"https:\\\/\\\/rau.de\\\/wp-content\\\/uploads\\\/web_logo.png\",\"width\":249,\"height\":127,\"caption\":\"RAU L\u00e4rmschutzw\u00e4nde \u2013 Geosystem GBK GmbH\"},\"image\":{\"@id\":\"https:\\\/\\\/rau.de\\\/de\\\/#\\\/schema\\\/logo\\\/image\\\/\"}},{\"@type\":\"Person\",\"@id\":\"https:\\\/\\\/rau.de\\\/de\\\/#\\\/schema\\\/person\\\/6b68f1ee75f6830ffe2d780347f6f86f\",\"name\":\"Johanna Henning\",\"image\":{\"@type\":\"ImageObject\",\"inLanguage\":\"de\",\"@id\":\"https:\\\/\\\/secure.gravatar.com\\\/avatar\\\/6b9a1f9424f491c5176e142af6a4b563252a714bd488554f4c02e23ff0d46c77?s=96&d=mm&r=g\",\"url\":\"https:\\\/\\\/secure.gravatar.com\\\/avatar\\\/6b9a1f9424f491c5176e142af6a4b563252a714bd488554f4c02e23ff0d46c77?s=96&d=mm&r=g\",\"contentUrl\":\"https:\\\/\\\/secure.gravatar.com\\\/avatar\\\/6b9a1f9424f491c5176e142af6a4b563252a714bd488554f4c02e23ff0d46c77?s=96&d=mm&r=g\",\"caption\":\"Johanna Henning\"}}]}<\/script>\n<!-- \/ Yoast SEO plugin. -->","yoast_head_json":{"title":"Gr\u00fcner L\u00e4rmschutz f\u00fcr das Dorf Dr\u00fcber | L\u00e4rmschutzwand und Schallschutzwand","description":"Gr\u00fcner L\u00e4rmschutz f\u00fcr das Dorf Dr\u00fcber | Entwicklung und Umsetzung von L\u00e4rmschutzwand und Schallschutzwandan Stra\u00dfen, Bahnstrecken und f\u00fcr St\u00e4dte und Industrie | rau.de","robots":{"index":"index","follow":"follow","max-snippet":"max-snippet:-1","max-image-preview":"max-image-preview:large","max-video-preview":"max-video-preview:-1"},"canonical":"https:\/\/rau.de\/de\/2024\/05\/16\/gruener-laermschutz-fuer-das-dorf-drueber\/","og_locale":"de_DE","og_type":"article","og_title":"Gr\u00fcner L\u00e4rmschutz f\u00fcr das Dorf Dr\u00fcber | L\u00e4rmschutzwand und Schallschutzwand","og_description":"Gr\u00fcner L\u00e4rmschutz f\u00fcr das Dorf Dr\u00fcber | Entwicklung und Umsetzung von L\u00e4rmschutzwand und Schallschutzwandan Stra\u00dfen, Bahnstrecken und f\u00fcr St\u00e4dte und Industrie | rau.de","og_url":"https:\/\/rau.de\/de\/2024\/05\/16\/gruener-laermschutz-fuer-das-dorf-drueber\/","og_site_name":"Rau | L\u00e4rmschutzw\u00e4nde","article_published_time":"2024-05-16T15:04:10+00:00","og_image":[{"width":827,"height":551,"url":"https:\/\/rau.de\/wp-content\/uploads\/laermschutzwand-drueber-2024-05.jpg","type":"image\/jpeg"}],"author":"Johanna Henning","twitter_card":"summary_large_image","twitter_misc":{"Verfasst von":"Johanna Henning","Gesch\u00e4tzte Lesezeit":"1\u00a0Minute"},"schema":{"@context":"https:\/\/schema.org","@graph":[{"@type":"Article","@id":"https:\/\/rau.de\/de\/2024\/05\/16\/gruener-laermschutz-fuer-das-dorf-drueber\/#article","isPartOf":{"@id":"https:\/\/rau.de\/de\/2024\/05\/16\/gruener-laermschutz-fuer-das-dorf-drueber\/"},"author":{"name":"Johanna Henning","@id":"https:\/\/rau.de\/de\/#\/schema\/person\/6b68f1ee75f6830ffe2d780347f6f86f"},"headline":"Gr\u00fcner L\u00e4rmschutz f\u00fcr das Dorf Dr\u00fcber","datePublished":"2024-05-16T15:04:10+00:00","mainEntityOfPage":{"@id":"https:\/\/rau.de\/de\/2024\/05\/16\/gruener-laermschutz-fuer-das-dorf-drueber\/"},"wordCount":283,"publisher":{"@id":"https:\/\/rau.de\/de\/#organization"},"image":{"@id":"https:\/\/rau.de\/de\/2024\/05\/16\/gruener-laermschutz-fuer-das-dorf-drueber\/#primaryimage"},"thumbnailUrl":"https:\/\/rau.de\/wp-content\/uploads\/laermschutzwand-drueber-2024-05.jpg","articleSection":["News"],"inLanguage":"de"},{"@type":"WebPage","@id":"https:\/\/rau.de\/de\/2024\/05\/16\/gruener-laermschutz-fuer-das-dorf-drueber\/","url":"https:\/\/rau.de\/de\/2024\/05\/16\/gruener-laermschutz-fuer-das-dorf-drueber\/","name":"Gr\u00fcner L\u00e4rmschutz f\u00fcr das Dorf Dr\u00fcber | L\u00e4rmschutzwand und Schallschutzwand","isPartOf":{"@id":"https:\/\/rau.de\/de\/#website"},"primaryImageOfPage":{"@id":"https:\/\/rau.de\/de\/2024\/05\/16\/gruener-laermschutz-fuer-das-dorf-drueber\/#primaryimage"},"image":{"@id":"https:\/\/rau.de\/de\/2024\/05\/16\/gruener-laermschutz-fuer-das-dorf-drueber\/#primaryimage"},"thumbnailUrl":"https:\/\/rau.de\/wp-content\/uploads\/laermschutzwand-drueber-2024-05.jpg","datePublished":"2024-05-16T15:04:10+00:00","description":"Gr\u00fcner L\u00e4rmschutz f\u00fcr das Dorf Dr\u00fcber | Entwicklung und Umsetzung von L\u00e4rmschutzwand und Schallschutzwandan Stra\u00dfen, Bahnstrecken und f\u00fcr St\u00e4dte und Industrie | rau.de","breadcrumb":{"@id":"https:\/\/rau.de\/de\/2024\/05\/16\/gruener-laermschutz-fuer-das-dorf-drueber\/#breadcrumb"},"inLanguage":"de","potentialAction":[{"@type":"ReadAction","target":["https:\/\/rau.de\/de\/2024\/05\/16\/gruener-laermschutz-fuer-das-dorf-drueber\/"]}]},{"@type":"ImageObject","inLanguage":"de","@id":"https:\/\/rau.de\/de\/2024\/05\/16\/gruener-laermschutz-fuer-das-dorf-drueber\/#primaryimage","url":"https:\/\/rau.de\/wp-content\/uploads\/laermschutzwand-drueber-2024-05.jpg","contentUrl":"https:\/\/rau.de\/wp-content\/uploads\/laermschutzwand-drueber-2024-05.jpg","width":827,"height":551,"caption":"Begr\u00fcnbare L\u00e4rmschutzwand von RAU in Dr\u00fcber"},{"@type":"BreadcrumbList","@id":"https:\/\/rau.de\/de\/2024\/05\/16\/gruener-laermschutz-fuer-das-dorf-drueber\/#breadcrumb","itemListElement":[{"@type":"ListItem","position":1,"name":"Startseite","item":"https:\/\/rau.de\/de\/"},{"@type":"ListItem","position":2,"name":"Gr\u00fcner L\u00e4rmschutz f\u00fcr das Dorf Dr\u00fcber"}]},{"@type":"WebSite","@id":"https:\/\/rau.de\/de\/#website","url":"https:\/\/rau.de\/de\/","name":"Rau | L\u00e4rmschutzw\u00e4nde","description":"Entwicklung und Umsetzung von L\u00e4rmschutzwand und Schallschutzwand","publisher":{"@id":"https:\/\/rau.de\/de\/#organization"},"potentialAction":[{"@type":"SearchAction","target":{"@type":"EntryPoint","urlTemplate":"https:\/\/rau.de\/de\/?s={search_term_string}"},"query-input":{"@type":"PropertyValueSpecification","valueRequired":true,"valueName":"search_term_string"}}],"inLanguage":"de"},{"@type":"Organization","@id":"https:\/\/rau.de\/de\/#organization","name":"RAU L\u00e4rmschutzw\u00e4nde \u2013 Geosystem GBK GmbH","url":"https:\/\/rau.de\/de\/","logo":{"@type":"ImageObject","inLanguage":"de","@id":"https:\/\/rau.de\/de\/#\/schema\/logo\/image\/","url":"https:\/\/rau.de\/wp-content\/uploads\/web_logo.png","contentUrl":"https:\/\/rau.de\/wp-content\/uploads\/web_logo.png","width":249,"height":127,"caption":"RAU L\u00e4rmschutzw\u00e4nde \u2013 Geosystem GBK GmbH"},"image":{"@id":"https:\/\/rau.de\/de\/#\/schema\/logo\/image\/"}},{"@type":"Person","@id":"https:\/\/rau.de\/de\/#\/schema\/person\/6b68f1ee75f6830ffe2d780347f6f86f","name":"Johanna Henning","image":{"@type":"ImageObject","inLanguage":"de","@id":"https:\/\/secure.gravatar.com\/avatar\/6b9a1f9424f491c5176e142af6a4b563252a714bd488554f4c02e23ff0d46c77?s=96&d=mm&r=g","url":"https:\/\/secure.gravatar.com\/avatar\/6b9a1f9424f491c5176e142af6a4b563252a714bd488554f4c02e23ff0d46c77?s=96&d=mm&r=g","contentUrl":"https:\/\/secure.gravatar.com\/avatar\/6b9a1f9424f491c5176e142af6a4b563252a714bd488554f4c02e23ff0d46c77?s=96&d=mm&r=g","caption":"Johanna Henning"}}]}},"_links":{"self":[{"href":"https:\/\/rau.de\/de\/wp-json\/wp\/v2\/posts\/27189","targetHints":{"allow":["GET"]}}],"collection":[{"href":"https:\/\/rau.de\/de\/wp-json\/wp\/v2\/posts"}],"about":[{"href":"https:\/\/rau.de\/de\/wp-json\/wp\/v2\/types\/post"}],"author":[{"embeddable":true,"href":"https:\/\/rau.de\/de\/wp-json\/wp\/v2\/users\/2"}],"replies":[{"embeddable":true,"href":"https:\/\/rau.de\/de\/wp-json\/wp\/v2\/comments?post=27189"}],"version-history":[{"count":1,"href":"https:\/\/rau.de\/de\/wp-json\/wp\/v2\/posts\/27189\/revisions"}],"predecessor-version":[{"id":27203,"href":"https:\/\/rau.de\/de\/wp-json\/wp\/v2\/posts\/27189\/revisions\/27203"}],"wp:featuredmedia":[{"embeddable":true,"href":"https:\/\/rau.de\/de\/wp-json\/wp\/v2\/media\/27190"}],"wp:attachment":[{"href":"https:\/\/rau.de\/de\/wp-json\/wp\/v2\/media?parent=27189"}],"wp:term":[{"taxonomy":"category","embeddable":true,"href":"https:\/\/rau.de\/de\/wp-json\/wp\/v2\/categories?post=27189"},{"taxonomy":"post_tag","embeddable":true,"href":"https:\/\/rau.de\/de\/wp-json\/wp\/v2\/tags?post=27189"}],"curies":[{"name":"wp","href":"https:\/\/api.w.org\/{rel}","templated":true}]}}