{"id":204,"date":"2019-06-05T09:25:02","date_gmt":"2019-06-05T07:25:02","guid":{"rendered":"http:\/\/rau.kundendemo.com\/?p=204"},"modified":"2025-03-31T16:25:18","modified_gmt":"2025-03-31T14:25:18","slug":"schallschutz-fuer-eine-halbe-ewigkeit","status":"publish","type":"post","link":"https:\/\/rau.de\/de\/2019\/06\/05\/schallschutz-fuer-eine-halbe-ewigkeit\/","title":{"rendered":"Schallschutz f\u00fcr eine halbe Ewigkeit"},"content":{"rendered":"<section class=\"l-section wpb_row height_medium full_height valign_center with_img\" id=\"kontakt\"><div class=\"l-section-img\" role=\"img\" data-img-width=\"2000\" data-img-height=\"1122\" style=\"background-image: url(https:\/\/rau.de\/wp-content\/uploads\/bg.jpg);\"><\/div><div class=\"l-section-h i-cf\"><div class=\"g-cols vc_row via_flex valign_top type_default stacking_default\"><div class=\"vc_col-sm-12 wpb_column vc_column_container\"><div class=\"vc_column-inner\"><div class=\"wpb_wrapper\"><div class=\"g-cols wpb_row content_top via_flex valign_top type_default stacking_default\"><div class=\"vc_col-sm-12 wpb_column vc_column_container\"><div class=\"vc_column-inner\"><div class=\"wpb_wrapper\"><h1 class=\"w-post-elm post_title entry-title color_link_inherit\">Schallschutz f\u00fcr eine halbe Ewigkeit<\/h1><\/div><\/div><\/div><\/div><div class=\"g-cols wpb_row us_custom_4fb9e5a3 content_text via_flex valign_top type_default stacking_default\"><div class=\"vc_col-sm-6 wpb_column vc_column_container\"><div class=\"vc_column-inner\"><div class=\"wpb_wrapper\"><div class=\"w-image align_none\"><div class=\"w-image-h\"><img loading=\"lazy\" decoding=\"async\" width=\"1024\" height=\"653\" src=\"https:\/\/rau.de\/wp-content\/uploads\/Schwarz-Weiss-Zeitungsausschnitt-ueber-den-Bau-einer-natuerlichen-Schallschutzwand.jpg\" class=\"attachment-large size-large\" alt=\"Schwarz-Wei\u00df-Zeitungsausschnitt \u00fcber den Bau einer nat\u00fcrlichen Schallschutzwand mit einem Bagger\" srcset=\"https:\/\/rau.de\/wp-content\/uploads\/Schwarz-Weiss-Zeitungsausschnitt-ueber-den-Bau-einer-natuerlichen-Schallschutzwand.jpg 1024w, https:\/\/rau.de\/wp-content\/uploads\/Schwarz-Weiss-Zeitungsausschnitt-ueber-den-Bau-einer-natuerlichen-Schallschutzwand-300x191.jpg 300w\" sizes=\"auto, (max-width: 1024px) 100vw, 1024px\" \/><\/div><\/div><\/div><\/div><\/div><div class=\"vc_col-sm-6 wpb_column vc_column_container\"><div class=\"vc_column-inner\"><div class=\"wpb_wrapper\"><div class=\"wpb_text_column\"><div class=\"wpb_wrapper\"><div>Entlang der Zepernicker Chaussee wird seit Freitag eine Schallschutzwand aufgebaut. Sie soll f\u00fcr die k\u00fcnftigen Bewohner der ersten 225 Wohnungen im neuen Viertel &#8222;Walquartiert Friedenstal&#8220; an der Lenastra\u00dfe\/Zepernicker Chaussess die Ger\u00e4uschkulisse eind\u00e4mmen. Die 4,20 Meter hohe Schallschutzwand wird auf einer L\u00e4nge von 285 Metern aufgestellt. An der Stra\u00dfenseite bekommt sie eine Beschichtung aus Kokosfasern, die sp\u00e4ter begr\u00fcnt wird. Auf der Innenseite wird die Wand mit Geotextil verkleidet. Die Wand soll 60 Jahre lang halten.<\/div>\n<div id=\"Signature\">\n<div>\n<div><\/div>\n<div><\/div>\n<div><\/div>\n<\/div>\n<\/div>\n<\/div><\/div><\/div><\/div><\/div><\/div><\/div><\/div><\/div><\/div><\/div><\/section>\n","protected":false},"excerpt":{"rendered":"Schallschutz f\u00fcr eine halbe EwigkeitEntlang der Zepernicker Chaussee wird seit Freitag eine Schallschutzwand aufgebaut. Sie soll f\u00fcr die k\u00fcnftigen Bewohner der ersten 225 Wohnungen im neuen Viertel &#8222;Walquartiert Friedenstal&#8220; an der Lenastra\u00dfe\/Zepernicker Chaussess die Ger\u00e4uschkulisse eind\u00e4mmen. Die 4,20 Meter hohe Schallschutzwand wird auf einer L\u00e4nge von 285 Metern aufgestellt. An der Stra\u00dfenseite bekommt sie eine...","protected":false},"author":1,"featured_media":31762,"comment_status":"closed","ping_status":"closed","sticky":false,"template":"","format":"standard","meta":{"footnotes":""},"categories":[7],"tags":[],"class_list":["post-204","post","type-post","status-publish","format-standard","has-post-thumbnail","hentry","category-news"],"yoast_head":"<!-- This site is optimized with the Yoast SEO plugin v27.4 - https:\/\/yoast.com\/product\/yoast-seo-wordpress\/ -->\n<title>\ud83c\udf31Schallschutz f\u00fcr eine halbe Ewigkeit \ud83c\udf33<\/title>\n<meta name=\"description\" content=\"Entlang der Zepernicker Chaussee wird eine Schallschutzwand aufgebaut. Sie soll f\u00fcr die k\u00fcnftigen Bewohner die Ger\u00e4uschkulisse eind\u00e4mmen. \ud83d\udd07\" \/>\n<meta name=\"robots\" content=\"index, follow, max-snippet:-1, max-image-preview:large, max-video-preview:-1\" \/>\n<link rel=\"canonical\" href=\"https:\/\/rau.de\/de\/2019\/06\/05\/schallschutz-fuer-eine-halbe-ewigkeit\/\" \/>\n<meta property=\"og:locale\" content=\"de_DE\" \/>\n<meta property=\"og:type\" content=\"article\" \/>\n<meta property=\"og:title\" content=\"\ud83c\udf31Schallschutz f\u00fcr eine halbe Ewigkeit \ud83c\udf33\" \/>\n<meta property=\"og:description\" content=\"Entlang der Zepernicker Chaussee wird eine Schallschutzwand aufgebaut. Sie soll f\u00fcr die k\u00fcnftigen Bewohner die Ger\u00e4uschkulisse eind\u00e4mmen. \ud83d\udd07\" \/>\n<meta property=\"og:url\" content=\"https:\/\/rau.de\/de\/2019\/06\/05\/schallschutz-fuer-eine-halbe-ewigkeit\/\" \/>\n<meta property=\"og:site_name\" content=\"Rau | L\u00e4rmschutzw\u00e4nde\" \/>\n<meta property=\"article:published_time\" content=\"2019-06-05T07:25:02+00:00\" \/>\n<meta property=\"article:modified_time\" content=\"2025-03-31T14:25:18+00:00\" \/>\n<meta property=\"og:image\" content=\"https:\/\/rau.de\/wp-content\/uploads\/Schwarz-Weiss-Zeitungsausschnitt-ueber-den-Bau-einer-natuerlichen-Schallschutzwand.jpg\" \/>\n\t<meta property=\"og:image:width\" content=\"1024\" \/>\n\t<meta property=\"og:image:height\" content=\"653\" \/>\n\t<meta property=\"og:image:type\" content=\"image\/jpeg\" \/>\n<meta name=\"author\" content=\"service\" \/>\n<meta name=\"twitter:card\" content=\"summary_large_image\" \/>\n<meta name=\"twitter:label1\" content=\"Verfasst von\" \/>\n\t<meta name=\"twitter:data1\" content=\"service\" \/>\n\t<meta name=\"twitter:label2\" content=\"Gesch\u00e4tzte Lesezeit\" \/>\n\t<meta name=\"twitter:data2\" content=\"1\u00a0Minute\" \/>\n<script type=\"application\/ld+json\" class=\"yoast-schema-graph\">{\"@context\":\"https:\\\/\\\/schema.org\",\"@graph\":[{\"@type\":\"Article\",\"@id\":\"https:\\\/\\\/rau.de\\\/de\\\/2019\\\/06\\\/05\\\/schallschutz-fuer-eine-halbe-ewigkeit\\\/#article\",\"isPartOf\":{\"@id\":\"https:\\\/\\\/rau.de\\\/de\\\/2019\\\/06\\\/05\\\/schallschutz-fuer-eine-halbe-ewigkeit\\\/\"},\"author\":{\"name\":\"service\",\"@id\":\"https:\\\/\\\/rau.de\\\/de\\\/#\\\/schema\\\/person\\\/0a3dd4189784e5118e85b5ae096ecd0a\"},\"headline\":\"Schallschutz f\u00fcr eine halbe Ewigkeit\",\"datePublished\":\"2019-06-05T07:25:02+00:00\",\"dateModified\":\"2025-03-31T14:25:18+00:00\",\"mainEntityOfPage\":{\"@id\":\"https:\\\/\\\/rau.de\\\/de\\\/2019\\\/06\\\/05\\\/schallschutz-fuer-eine-halbe-ewigkeit\\\/\"},\"wordCount\":178,\"publisher\":{\"@id\":\"https:\\\/\\\/rau.de\\\/de\\\/#organization\"},\"image\":{\"@id\":\"https:\\\/\\\/rau.de\\\/de\\\/2019\\\/06\\\/05\\\/schallschutz-fuer-eine-halbe-ewigkeit\\\/#primaryimage\"},\"thumbnailUrl\":\"https:\\\/\\\/rau.de\\\/wp-content\\\/uploads\\\/Schwarz-Weiss-Zeitungsausschnitt-ueber-den-Bau-einer-natuerlichen-Schallschutzwand.jpg\",\"articleSection\":[\"News\"],\"inLanguage\":\"de\"},{\"@type\":\"WebPage\",\"@id\":\"https:\\\/\\\/rau.de\\\/de\\\/2019\\\/06\\\/05\\\/schallschutz-fuer-eine-halbe-ewigkeit\\\/\",\"url\":\"https:\\\/\\\/rau.de\\\/de\\\/2019\\\/06\\\/05\\\/schallschutz-fuer-eine-halbe-ewigkeit\\\/\",\"name\":\"\ud83c\udf31Schallschutz f\u00fcr eine halbe Ewigkeit \ud83c\udf33\",\"isPartOf\":{\"@id\":\"https:\\\/\\\/rau.de\\\/de\\\/#website\"},\"primaryImageOfPage\":{\"@id\":\"https:\\\/\\\/rau.de\\\/de\\\/2019\\\/06\\\/05\\\/schallschutz-fuer-eine-halbe-ewigkeit\\\/#primaryimage\"},\"image\":{\"@id\":\"https:\\\/\\\/rau.de\\\/de\\\/2019\\\/06\\\/05\\\/schallschutz-fuer-eine-halbe-ewigkeit\\\/#primaryimage\"},\"thumbnailUrl\":\"https:\\\/\\\/rau.de\\\/wp-content\\\/uploads\\\/Schwarz-Weiss-Zeitungsausschnitt-ueber-den-Bau-einer-natuerlichen-Schallschutzwand.jpg\",\"datePublished\":\"2019-06-05T07:25:02+00:00\",\"dateModified\":\"2025-03-31T14:25:18+00:00\",\"description\":\"Entlang der Zepernicker Chaussee wird eine Schallschutzwand aufgebaut. Sie soll f\u00fcr die k\u00fcnftigen Bewohner die Ger\u00e4uschkulisse eind\u00e4mmen. \ud83d\udd07\",\"breadcrumb\":{\"@id\":\"https:\\\/\\\/rau.de\\\/de\\\/2019\\\/06\\\/05\\\/schallschutz-fuer-eine-halbe-ewigkeit\\\/#breadcrumb\"},\"inLanguage\":\"de\",\"potentialAction\":[{\"@type\":\"ReadAction\",\"target\":[\"https:\\\/\\\/rau.de\\\/de\\\/2019\\\/06\\\/05\\\/schallschutz-fuer-eine-halbe-ewigkeit\\\/\"]}]},{\"@type\":\"ImageObject\",\"inLanguage\":\"de\",\"@id\":\"https:\\\/\\\/rau.de\\\/de\\\/2019\\\/06\\\/05\\\/schallschutz-fuer-eine-halbe-ewigkeit\\\/#primaryimage\",\"url\":\"https:\\\/\\\/rau.de\\\/wp-content\\\/uploads\\\/Schwarz-Weiss-Zeitungsausschnitt-ueber-den-Bau-einer-natuerlichen-Schallschutzwand.jpg\",\"contentUrl\":\"https:\\\/\\\/rau.de\\\/wp-content\\\/uploads\\\/Schwarz-Weiss-Zeitungsausschnitt-ueber-den-Bau-einer-natuerlichen-Schallschutzwand.jpg\",\"width\":1024,\"height\":653,\"caption\":\"Schwarz-Wei\u00df-Zeitungsausschnitt \u00fcber den Bau einer nat\u00fcrlichen Schallschutzwand mit einem Bagger\"},{\"@type\":\"BreadcrumbList\",\"@id\":\"https:\\\/\\\/rau.de\\\/de\\\/2019\\\/06\\\/05\\\/schallschutz-fuer-eine-halbe-ewigkeit\\\/#breadcrumb\",\"itemListElement\":[{\"@type\":\"ListItem\",\"position\":1,\"name\":\"Startseite\",\"item\":\"https:\\\/\\\/rau.de\\\/de\\\/\"},{\"@type\":\"ListItem\",\"position\":2,\"name\":\"Schallschutz f\u00fcr eine halbe Ewigkeit\"}]},{\"@type\":\"WebSite\",\"@id\":\"https:\\\/\\\/rau.de\\\/de\\\/#website\",\"url\":\"https:\\\/\\\/rau.de\\\/de\\\/\",\"name\":\"Rau | L\u00e4rmschutzw\u00e4nde\",\"description\":\"Entwicklung und Umsetzung von L\u00e4rmschutzwand und Schallschutzwand\",\"publisher\":{\"@id\":\"https:\\\/\\\/rau.de\\\/de\\\/#organization\"},\"potentialAction\":[{\"@type\":\"SearchAction\",\"target\":{\"@type\":\"EntryPoint\",\"urlTemplate\":\"https:\\\/\\\/rau.de\\\/de\\\/?s={search_term_string}\"},\"query-input\":{\"@type\":\"PropertyValueSpecification\",\"valueRequired\":true,\"valueName\":\"search_term_string\"}}],\"inLanguage\":\"de\"},{\"@type\":\"Organization\",\"@id\":\"https:\\\/\\\/rau.de\\\/de\\\/#organization\",\"name\":\"RAU L\u00e4rmschutzw\u00e4nde \u2013 Geosystem GBK GmbH\",\"url\":\"https:\\\/\\\/rau.de\\\/de\\\/\",\"logo\":{\"@type\":\"ImageObject\",\"inLanguage\":\"de\",\"@id\":\"https:\\\/\\\/rau.de\\\/de\\\/#\\\/schema\\\/logo\\\/image\\\/\",\"url\":\"https:\\\/\\\/rau.de\\\/wp-content\\\/uploads\\\/web_logo.png\",\"contentUrl\":\"https:\\\/\\\/rau.de\\\/wp-content\\\/uploads\\\/web_logo.png\",\"width\":249,\"height\":127,\"caption\":\"RAU L\u00e4rmschutzw\u00e4nde \u2013 Geosystem GBK GmbH\"},\"image\":{\"@id\":\"https:\\\/\\\/rau.de\\\/de\\\/#\\\/schema\\\/logo\\\/image\\\/\"}},{\"@type\":\"Person\",\"@id\":\"https:\\\/\\\/rau.de\\\/de\\\/#\\\/schema\\\/person\\\/0a3dd4189784e5118e85b5ae096ecd0a\",\"name\":\"service\",\"image\":{\"@type\":\"ImageObject\",\"inLanguage\":\"de\",\"@id\":\"https:\\\/\\\/secure.gravatar.com\\\/avatar\\\/3b3f31dc5cbd09a463de5fc54daf3e025a7465c861e281119b67fc451e5bf8e1?s=96&d=mm&r=g\",\"url\":\"https:\\\/\\\/secure.gravatar.com\\\/avatar\\\/3b3f31dc5cbd09a463de5fc54daf3e025a7465c861e281119b67fc451e5bf8e1?s=96&d=mm&r=g\",\"contentUrl\":\"https:\\\/\\\/secure.gravatar.com\\\/avatar\\\/3b3f31dc5cbd09a463de5fc54daf3e025a7465c861e281119b67fc451e5bf8e1?s=96&d=mm&r=g\",\"caption\":\"service\"}}]}<\/script>\n<!-- \/ Yoast SEO plugin. -->","yoast_head_json":{"title":"\ud83c\udf31Schallschutz f\u00fcr eine halbe Ewigkeit \ud83c\udf33","description":"Entlang der Zepernicker Chaussee wird eine Schallschutzwand aufgebaut. Sie soll f\u00fcr die k\u00fcnftigen Bewohner die Ger\u00e4uschkulisse eind\u00e4mmen. \ud83d\udd07","robots":{"index":"index","follow":"follow","max-snippet":"max-snippet:-1","max-image-preview":"max-image-preview:large","max-video-preview":"max-video-preview:-1"},"canonical":"https:\/\/rau.de\/de\/2019\/06\/05\/schallschutz-fuer-eine-halbe-ewigkeit\/","og_locale":"de_DE","og_type":"article","og_title":"\ud83c\udf31Schallschutz f\u00fcr eine halbe Ewigkeit \ud83c\udf33","og_description":"Entlang der Zepernicker Chaussee wird eine Schallschutzwand aufgebaut. Sie soll f\u00fcr die k\u00fcnftigen Bewohner die Ger\u00e4uschkulisse eind\u00e4mmen. \ud83d\udd07","og_url":"https:\/\/rau.de\/de\/2019\/06\/05\/schallschutz-fuer-eine-halbe-ewigkeit\/","og_site_name":"Rau | L\u00e4rmschutzw\u00e4nde","article_published_time":"2019-06-05T07:25:02+00:00","article_modified_time":"2025-03-31T14:25:18+00:00","og_image":[{"width":1024,"height":653,"url":"https:\/\/rau.de\/wp-content\/uploads\/Schwarz-Weiss-Zeitungsausschnitt-ueber-den-Bau-einer-natuerlichen-Schallschutzwand.jpg","type":"image\/jpeg"}],"author":"service","twitter_card":"summary_large_image","twitter_misc":{"Verfasst von":"service","Gesch\u00e4tzte Lesezeit":"1\u00a0Minute"},"schema":{"@context":"https:\/\/schema.org","@graph":[{"@type":"Article","@id":"https:\/\/rau.de\/de\/2019\/06\/05\/schallschutz-fuer-eine-halbe-ewigkeit\/#article","isPartOf":{"@id":"https:\/\/rau.de\/de\/2019\/06\/05\/schallschutz-fuer-eine-halbe-ewigkeit\/"},"author":{"name":"service","@id":"https:\/\/rau.de\/de\/#\/schema\/person\/0a3dd4189784e5118e85b5ae096ecd0a"},"headline":"Schallschutz f\u00fcr eine halbe Ewigkeit","datePublished":"2019-06-05T07:25:02+00:00","dateModified":"2025-03-31T14:25:18+00:00","mainEntityOfPage":{"@id":"https:\/\/rau.de\/de\/2019\/06\/05\/schallschutz-fuer-eine-halbe-ewigkeit\/"},"wordCount":178,"publisher":{"@id":"https:\/\/rau.de\/de\/#organization"},"image":{"@id":"https:\/\/rau.de\/de\/2019\/06\/05\/schallschutz-fuer-eine-halbe-ewigkeit\/#primaryimage"},"thumbnailUrl":"https:\/\/rau.de\/wp-content\/uploads\/Schwarz-Weiss-Zeitungsausschnitt-ueber-den-Bau-einer-natuerlichen-Schallschutzwand.jpg","articleSection":["News"],"inLanguage":"de"},{"@type":"WebPage","@id":"https:\/\/rau.de\/de\/2019\/06\/05\/schallschutz-fuer-eine-halbe-ewigkeit\/","url":"https:\/\/rau.de\/de\/2019\/06\/05\/schallschutz-fuer-eine-halbe-ewigkeit\/","name":"\ud83c\udf31Schallschutz f\u00fcr eine halbe Ewigkeit \ud83c\udf33","isPartOf":{"@id":"https:\/\/rau.de\/de\/#website"},"primaryImageOfPage":{"@id":"https:\/\/rau.de\/de\/2019\/06\/05\/schallschutz-fuer-eine-halbe-ewigkeit\/#primaryimage"},"image":{"@id":"https:\/\/rau.de\/de\/2019\/06\/05\/schallschutz-fuer-eine-halbe-ewigkeit\/#primaryimage"},"thumbnailUrl":"https:\/\/rau.de\/wp-content\/uploads\/Schwarz-Weiss-Zeitungsausschnitt-ueber-den-Bau-einer-natuerlichen-Schallschutzwand.jpg","datePublished":"2019-06-05T07:25:02+00:00","dateModified":"2025-03-31T14:25:18+00:00","description":"Entlang der Zepernicker Chaussee wird eine Schallschutzwand aufgebaut. Sie soll f\u00fcr die k\u00fcnftigen Bewohner die Ger\u00e4uschkulisse eind\u00e4mmen. \ud83d\udd07","breadcrumb":{"@id":"https:\/\/rau.de\/de\/2019\/06\/05\/schallschutz-fuer-eine-halbe-ewigkeit\/#breadcrumb"},"inLanguage":"de","potentialAction":[{"@type":"ReadAction","target":["https:\/\/rau.de\/de\/2019\/06\/05\/schallschutz-fuer-eine-halbe-ewigkeit\/"]}]},{"@type":"ImageObject","inLanguage":"de","@id":"https:\/\/rau.de\/de\/2019\/06\/05\/schallschutz-fuer-eine-halbe-ewigkeit\/#primaryimage","url":"https:\/\/rau.de\/wp-content\/uploads\/Schwarz-Weiss-Zeitungsausschnitt-ueber-den-Bau-einer-natuerlichen-Schallschutzwand.jpg","contentUrl":"https:\/\/rau.de\/wp-content\/uploads\/Schwarz-Weiss-Zeitungsausschnitt-ueber-den-Bau-einer-natuerlichen-Schallschutzwand.jpg","width":1024,"height":653,"caption":"Schwarz-Wei\u00df-Zeitungsausschnitt \u00fcber den Bau einer nat\u00fcrlichen Schallschutzwand mit einem Bagger"},{"@type":"BreadcrumbList","@id":"https:\/\/rau.de\/de\/2019\/06\/05\/schallschutz-fuer-eine-halbe-ewigkeit\/#breadcrumb","itemListElement":[{"@type":"ListItem","position":1,"name":"Startseite","item":"https:\/\/rau.de\/de\/"},{"@type":"ListItem","position":2,"name":"Schallschutz f\u00fcr eine halbe Ewigkeit"}]},{"@type":"WebSite","@id":"https:\/\/rau.de\/de\/#website","url":"https:\/\/rau.de\/de\/","name":"Rau | L\u00e4rmschutzw\u00e4nde","description":"Entwicklung und Umsetzung von L\u00e4rmschutzwand und Schallschutzwand","publisher":{"@id":"https:\/\/rau.de\/de\/#organization"},"potentialAction":[{"@type":"SearchAction","target":{"@type":"EntryPoint","urlTemplate":"https:\/\/rau.de\/de\/?s={search_term_string}"},"query-input":{"@type":"PropertyValueSpecification","valueRequired":true,"valueName":"search_term_string"}}],"inLanguage":"de"},{"@type":"Organization","@id":"https:\/\/rau.de\/de\/#organization","name":"RAU L\u00e4rmschutzw\u00e4nde \u2013 Geosystem GBK GmbH","url":"https:\/\/rau.de\/de\/","logo":{"@type":"ImageObject","inLanguage":"de","@id":"https:\/\/rau.de\/de\/#\/schema\/logo\/image\/","url":"https:\/\/rau.de\/wp-content\/uploads\/web_logo.png","contentUrl":"https:\/\/rau.de\/wp-content\/uploads\/web_logo.png","width":249,"height":127,"caption":"RAU L\u00e4rmschutzw\u00e4nde \u2013 Geosystem GBK GmbH"},"image":{"@id":"https:\/\/rau.de\/de\/#\/schema\/logo\/image\/"}},{"@type":"Person","@id":"https:\/\/rau.de\/de\/#\/schema\/person\/0a3dd4189784e5118e85b5ae096ecd0a","name":"service","image":{"@type":"ImageObject","inLanguage":"de","@id":"https:\/\/secure.gravatar.com\/avatar\/3b3f31dc5cbd09a463de5fc54daf3e025a7465c861e281119b67fc451e5bf8e1?s=96&d=mm&r=g","url":"https:\/\/secure.gravatar.com\/avatar\/3b3f31dc5cbd09a463de5fc54daf3e025a7465c861e281119b67fc451e5bf8e1?s=96&d=mm&r=g","contentUrl":"https:\/\/secure.gravatar.com\/avatar\/3b3f31dc5cbd09a463de5fc54daf3e025a7465c861e281119b67fc451e5bf8e1?s=96&d=mm&r=g","caption":"service"}}]}},"_links":{"self":[{"href":"https:\/\/rau.de\/de\/wp-json\/wp\/v2\/posts\/204","targetHints":{"allow":["GET"]}}],"collection":[{"href":"https:\/\/rau.de\/de\/wp-json\/wp\/v2\/posts"}],"about":[{"href":"https:\/\/rau.de\/de\/wp-json\/wp\/v2\/types\/post"}],"author":[{"embeddable":true,"href":"https:\/\/rau.de\/de\/wp-json\/wp\/v2\/users\/1"}],"replies":[{"embeddable":true,"href":"https:\/\/rau.de\/de\/wp-json\/wp\/v2\/comments?post=204"}],"version-history":[{"count":12,"href":"https:\/\/rau.de\/de\/wp-json\/wp\/v2\/posts\/204\/revisions"}],"predecessor-version":[{"id":31952,"href":"https:\/\/rau.de\/de\/wp-json\/wp\/v2\/posts\/204\/revisions\/31952"}],"wp:featuredmedia":[{"embeddable":true,"href":"https:\/\/rau.de\/de\/wp-json\/wp\/v2\/media\/31762"}],"wp:attachment":[{"href":"https:\/\/rau.de\/de\/wp-json\/wp\/v2\/media?parent=204"}],"wp:term":[{"taxonomy":"category","embeddable":true,"href":"https:\/\/rau.de\/de\/wp-json\/wp\/v2\/categories?post=204"},{"taxonomy":"post_tag","embeddable":true,"href":"https:\/\/rau.de\/de\/wp-json\/wp\/v2\/tags?post=204"}],"curies":[{"name":"wp","href":"https:\/\/api.w.org\/{rel}","templated":true}]}}